{"id":1136,"date":"2026-02-25T14:56:21","date_gmt":"2026-02-25T12:56:21","guid":{"rendered":"https:\/\/hyrmy.fi\/?p=1136"},"modified":"2026-03-21T14:25:12","modified_gmt":"2026-03-21T12:25:12","slug":"tyrmajaiset-2026","status":"publish","type":"post","link":"https:\/\/hyrmy.fi\/en\/blog\/1136","title":{"rendered":"Tyrm\u00e4j\u00e4iset 2026"},"content":{"rendered":"<h2 class=\"wp-block-post-title\">Tyrm\u00e4j\u00e4iset 2026<\/h2>\n\n\n<p>Kaikkia Hyrmyn j\u00e4seni\u00e4 ja muita kiinnostuneita suositellaan osallistumaan Tyrm\u00e4ys ry:n j\u00e4rjest\u00e4m\u00e4\u00e4n kaksip\u00e4iv\u00e4iseen sitsi\/keikka-pl\u00e4j\u00e4ykseen. Lis\u00e4tietoja ja ilmoittautumislinkki on l\u00f6ydett\u00e4viss\u00e4 <a href=\"https:\/\/hyrmy.fi\/en\/tapahtumat\/category\/sisar\/\">Sisarj\u00e4jest\u00f6jen tapahtumat<\/a>-osiosta. Ilmoittautuminen on auki viel\u00e4 muutaman p\u00e4iv\u00e4n, ja sulkeutuu 28.2.<\/p>\n\n\n\n<p>Osallistuville Hyrmyl\u00e4isille tullaan perustamaan oma Telegram-ryhm\u00e4, jotta koordinointi esim. yhteisl\u00e4ht\u00f6jen jne. suhteen olisi sujuvampaa.<\/p>\n\n\n\n<hr class=\"wp-block-separator has-alpha-channel-opacity is-style-wide\"\/>\n\n\n<div class=\"wp-block-post-author\"><div class=\"wp-block-post-author__avatar\"><img alt='' src='https:\/\/secure.gravatar.com\/avatar\/8b831a7aa920e14e12210bfd9e17a7b4e63b4050b73aadc5e89b73d8b3945110?s=48&#038;d=mm&#038;r=g' srcset='https:\/\/secure.gravatar.com\/avatar\/8b831a7aa920e14e12210bfd9e17a7b4e63b4050b73aadc5e89b73d8b3945110?s=96&#038;d=mm&#038;r=g 2x' class='avatar avatar-48 photo' height='48' width='48' \/><\/div><div class=\"wp-block-post-author__content\"><p class=\"wp-block-post-author__name\">Webmaster of puppets<\/p><\/div><\/div>\n\n\n<p><\/p>","protected":false},"excerpt":{"rendered":"<p>Kaikkia Hyrmyn j\u00e4seni\u00e4 ja muita kiinnostuneita suositellaan osallistumaan Tyrm\u00e4ys ry:n j\u00e4rjest\u00e4m\u00e4\u00e4n kaksip\u00e4iv\u00e4iseen sitsi\/keikka-pl\u00e4j\u00e4ykseen. Lis\u00e4tietoja ja ilmoittautumislinkki on l\u00f6ydett\u00e4viss\u00e4 Sisarj\u00e4jest\u00f6jen tapahtumat-osiosta. Ilmoittautuminen on auki viel\u00e4 muutaman&hellip;<\/p>","protected":false},"author":1,"featured_media":0,"comment_status":"open","ping_status":"open","sticky":false,"template":"","format":"standard","meta":{"footnotes":""},"categories":[1],"tags":[],"class_list":["post-1136","post","type-post","status-publish","format-standard","hentry","category-uncategorized"],"_links":{"self":[{"href":"https:\/\/hyrmy.fi\/en\/wp-json\/wp\/v2\/posts\/1136","targetHints":{"allow":["GET"]}}],"collection":[{"href":"https:\/\/hyrmy.fi\/en\/wp-json\/wp\/v2\/posts"}],"about":[{"href":"https:\/\/hyrmy.fi\/en\/wp-json\/wp\/v2\/types\/post"}],"author":[{"embeddable":true,"href":"https:\/\/hyrmy.fi\/en\/wp-json\/wp\/v2\/users\/1"}],"replies":[{"embeddable":true,"href":"https:\/\/hyrmy.fi\/en\/wp-json\/wp\/v2\/comments?post=1136"}],"version-history":[{"count":5,"href":"https:\/\/hyrmy.fi\/en\/wp-json\/wp\/v2\/posts\/1136\/revisions"}],"predecessor-version":[{"id":1171,"href":"https:\/\/hyrmy.fi\/en\/wp-json\/wp\/v2\/posts\/1136\/revisions\/1171"}],"wp:attachment":[{"href":"https:\/\/hyrmy.fi\/en\/wp-json\/wp\/v2\/media?parent=1136"}],"wp:term":[{"taxonomy":"category","embeddable":true,"href":"https:\/\/hyrmy.fi\/en\/wp-json\/wp\/v2\/categories?post=1136"},{"taxonomy":"post_tag","embeddable":true,"href":"https:\/\/hyrmy.fi\/en\/wp-json\/wp\/v2\/tags?post=1136"}],"curies":[{"name":"wp","href":"https:\/\/api.w.org\/{rel}","templated":true}]}}